{"id":4417,"date":"2019-04-04T19:20:00","date_gmt":"2019-04-04T18:20:00","guid":{"rendered":"https:\/\/nbr-translation.com\/Blog\/?p=4417"},"modified":"2024-01-12T11:33:34","modified_gmt":"2024-01-12T10:33:34","slug":"exposition-de-lart-des-fous-a-lart-psychopathologique","status":"publish","type":"post","link":"https:\/\/nbr-translation.com\/Blog\/fr\/exposition-de-lart-des-fous-a-lart-psychopathologique\/","title":{"rendered":"Exposition \u00ab\u2009De l\u2019art des fous \u00e0 l\u2019art psychopathologique\u2009\u00bb"},"content":{"rendered":"<p>Le <em>Mus\u00e9e d\u2019art et d\u2019histoire de l\u2019h\u00f4pital Sainte-Anne<\/em> nous offre une exposition tr\u00e8s int\u00e9ressante avec des \u0153uvres ex\u00e9cut\u00e9es par ses patients depuis les ann\u00e9es\u00a01950.<br \/>\nL\u2019exposition \u00ab\u2009<strong>De l\u2019art des fous \u00e0 l\u2019art psychopathologique<\/strong>\u2009\u00bb nous immerge dans l\u2019univers artistique de diff\u00e9rents patients.<img loading=\"lazy\" decoding=\"async\" class=\"aligncenter  wp-image-4418\" src=\"https:\/\/nbr-translation.com\/Blog\/wp-content\/uploads\/2021\/05\/20190411_150405-709x1024.jpg\" alt=\"\" width=\"339\" height=\"489\" srcset=\"https:\/\/nbr-translation.com\/Blog\/wp-content\/uploads\/2021\/05\/20190411_150405-709x1024.jpg 709w, https:\/\/nbr-translation.com\/Blog\/wp-content\/uploads\/2021\/05\/20190411_150405-208x300.jpg 208w, https:\/\/nbr-translation.com\/Blog\/wp-content\/uploads\/2021\/05\/20190411_150405-768x1110.jpg 768w, https:\/\/nbr-translation.com\/Blog\/wp-content\/uploads\/2021\/05\/20190411_150405-1063x1536.jpg 1063w, https:\/\/nbr-translation.com\/Blog\/wp-content\/uploads\/2021\/05\/20190411_150405.jpg 1311w\" sizes=\"auto, (max-width: 339px) 100vw, 339px\" \/><br \/>\nEn effet, dans les ann\u00e9es\u00a01950, les psychiatres ont commenc\u00e9 \u00e0 s\u2019int\u00e9resser \u00e0 l\u2019<strong>art-th\u00e9rapie<\/strong> comme un moyen pour mieux comprendre et soigner les maladies mentales de leurs patients.<br \/>\nSelon, <strong>Anne-Marie Dubois<\/strong>, <em>conservatrice de la collection Saint-Anne et commissaire de l\u2019exposition<\/em>, ils ont commenc\u00e9 \u00e0 analyser leurs travaux sur la base de certains traits particuliers tels que le vide, l\u2019absence de perspective, la r\u00e9p\u00e9tition de motifs, etc. pour \u00e9tablir ensuite une corr\u00e9lation entre ces traits et diff\u00e9rents troubles ou diff\u00e9rentes maladies telles que la schizophr\u00e9nie par exemple\u2026<br \/>\nHeureusement que ces personnes n\u2019ont pas vu mes capacit\u00e9s \u00e0 reproduire une perspective.<img loading=\"lazy\" decoding=\"async\" class=\"aligncenter wp-image-4430\" src=\"https:\/\/nbr-translation.com\/Blog\/wp-content\/uploads\/2021\/05\/btWuDgG.gif\" alt=\"\" width=\"154\" height=\"181\" \/><br \/>\nCette r\u00e9trospective nous permet de nous interroger sur le terme \u00ab\u2009<em>psychopathologique<\/em>\u2009\u00bb qui \u00e9tait tr\u00e8s utilis\u00e9 par les psychiatres du milieu du XXe si\u00e8cle.<\/p>\n<p>Cette exposition m\u00eale histoire de la psychiatrie et histoire de l\u2019art. Elle am\u00e8ne \u00e0 appr\u00e9cier l\u2019esth\u00e9tique plut\u00f4t que l\u2019univers psy de chaque patient, m\u00eame si on se pose n\u00e9cessairement des questions sur leur processus de cr\u00e9ation\u2026 Mais ce que vous trouverez ici, ce sont bel et bien des \u0153uvres qui ont \u00e9t\u00e9 cr\u00e9\u00e9es par des artistes dans leur parcours de malade.<\/p>\n<p>Dans la premi\u00e8re salle, on d\u00e9couvre des \u0153uvres effectu\u00e9es par des patients tels que <strong>Jean Jan\u00e8s <\/strong>ou <strong>Charles Levystone <\/strong>qui avaient d\u00e9j\u00e0 un univers artistique avant leur maladie et leur internement et qui avaient fr\u00e9quent\u00e9 le milieu artistique de Montmartre ou les Beaux-arts.<\/p>\n<figure id=\"attachment_4420\" aria-describedby=\"caption-attachment-4420\" style=\"width: 338px\" class=\"wp-caption aligncenter\"><img loading=\"lazy\" decoding=\"async\" class=\"wp-image-4420\" src=\"https:\/\/nbr-translation.com\/Blog\/wp-content\/uploads\/2021\/05\/Jean-Jane-1961-centre-hospitalier-Sainte-Anne-Photographie-de-Dominique-Baliko.png\" alt=\"\" width=\"338\" height=\"455\" srcset=\"https:\/\/nbr-translation.com\/Blog\/wp-content\/uploads\/2021\/05\/Jean-Jane-1961-centre-hospitalier-Sainte-Anne-Photographie-de-Dominique-Baliko.png 569w, https:\/\/nbr-translation.com\/Blog\/wp-content\/uploads\/2021\/05\/Jean-Jane-1961-centre-hospitalier-Sainte-Anne-Photographie-de-Dominique-Baliko-223x300.png 223w\" sizes=\"auto, (max-width: 338px) 100vw, 338px\" \/><figcaption id=\"caption-attachment-4420\" class=\"wp-caption-text\">Jean Jan\u00e8s 1961- Photo de Dominique Baliko<\/figcaption><\/figure>\n<figure id=\"attachment_4421\" aria-describedby=\"caption-attachment-4421\" style=\"width: 600px\" class=\"wp-caption aligncenter\"><img loading=\"lazy\" decoding=\"async\" class=\"wp-image-4421\" src=\"https:\/\/nbr-translation.com\/Blog\/wp-content\/uploads\/2021\/05\/Jean-Janes-photographie-Julien-Doublet.png\" alt=\"\" width=\"600\" height=\"400\" srcset=\"https:\/\/nbr-translation.com\/Blog\/wp-content\/uploads\/2021\/05\/Jean-Janes-photographie-Julien-Doublet.png 809w, https:\/\/nbr-translation.com\/Blog\/wp-content\/uploads\/2021\/05\/Jean-Janes-photographie-Julien-Doublet-300x200.png 300w, https:\/\/nbr-translation.com\/Blog\/wp-content\/uploads\/2021\/05\/Jean-Janes-photographie-Julien-Doublet-768x512.png 768w\" sizes=\"auto, (max-width: 600px) 100vw, 600px\" \/><figcaption id=\"caption-attachment-4421\" class=\"wp-caption-text\">Jean Jan\u00e8s &#8211; Photo de Julien Doublet<\/figcaption><\/figure>\n<figure id=\"attachment_4419\" aria-describedby=\"caption-attachment-4419\" style=\"width: 597px\" class=\"wp-caption aligncenter\"><img loading=\"lazy\" decoding=\"async\" class=\" wp-image-4419\" src=\"https:\/\/nbr-translation.com\/Blog\/wp-content\/uploads\/2021\/05\/Charles-Levystone-centre-hospitalier-Sainte-Anne-Dominique-Baliko.png\" alt=\"\" width=\"597\" height=\"485\" srcset=\"https:\/\/nbr-translation.com\/Blog\/wp-content\/uploads\/2021\/05\/Charles-Levystone-centre-hospitalier-Sainte-Anne-Dominique-Baliko.png 698w, https:\/\/nbr-translation.com\/Blog\/wp-content\/uploads\/2021\/05\/Charles-Levystone-centre-hospitalier-Sainte-Anne-Dominique-Baliko-300x244.png 300w\" sizes=\"auto, (max-width: 597px) 100vw, 597px\" \/><figcaption id=\"caption-attachment-4419\" class=\"wp-caption-text\">Charles Levystone- Photo de Dominique Baliko<\/figcaption><\/figure>\n<p>On retrouve d\u2019ailleurs une forte influence de Matisse pour le 1<sup>er<\/sup> et de C\u00e9zanne pour le second. <strong>Pascal Durand<\/strong> dont les peintures traduisent un geste pr\u00e9cis a lui aussi eu une formation artistique.<\/p>\n<figure id=\"attachment_4422\" aria-describedby=\"caption-attachment-4422\" style=\"width: 338px\" class=\"wp-caption aligncenter\"><img loading=\"lazy\" decoding=\"async\" class=\" wp-image-4422\" src=\"https:\/\/nbr-translation.com\/Blog\/wp-content\/uploads\/2021\/05\/Pascale-Durand-Dominique-Baliko.png\" alt=\"\" width=\"338\" height=\"449\" srcset=\"https:\/\/nbr-translation.com\/Blog\/wp-content\/uploads\/2021\/05\/Pascale-Durand-Dominique-Baliko.png 569w, https:\/\/nbr-translation.com\/Blog\/wp-content\/uploads\/2021\/05\/Pascale-Durand-Dominique-Baliko-226x300.png 226w\" sizes=\"auto, (max-width: 338px) 100vw, 338px\" \/><figcaption id=\"caption-attachment-4422\" class=\"wp-caption-text\">Pascal Durand- photo ce Dominique Baliko<\/figcaption><\/figure>\n<p>Les \u00ab\u2009malades\u2009\u00bb ont une technique et un \u0153il qui ne sont pas d\u00e9t\u00e9rior\u00e9s par la maladie.<br \/>\nDans la seconde salle, il s\u2019agit plus d\u2019\u0153uvres de malades qui se sont d\u00e9couvert un go\u00fbt pour l\u2019art avec les ateliers d\u2019art-th\u00e9rapie lors de leur s\u00e9jour psychiatrique et qui ont parfois continu\u00e9 apr\u00e8s ou en parall\u00e8le de leur hospitalisation (comme c\u2019est le cas de <strong>Solange Germain<\/strong> par exemple). Il y a aussi une importante partie d\u00e9di\u00e9e \u00e0 <strong>Charles Schley<\/strong>, un malade atteint de trouble schizophr\u00e8ne dont l\u2019\u0153uvre t\u00e9moigne d\u2019une grande cr\u00e9ativit\u00e9.<\/p>\n<figure id=\"attachment_4424\" aria-describedby=\"caption-attachment-4424\" style=\"width: 600px\" class=\"wp-caption aligncenter\"><img loading=\"lazy\" decoding=\"async\" class=\" wp-image-4424\" src=\"https:\/\/nbr-translation.com\/Blog\/wp-content\/uploads\/2021\/05\/Charles-Schley-1960-Dominique-Baliko.png\" alt=\"\" width=\"600\" height=\"462\" srcset=\"https:\/\/nbr-translation.com\/Blog\/wp-content\/uploads\/2021\/05\/Charles-Schley-1960-Dominique-Baliko.png 776w, https:\/\/nbr-translation.com\/Blog\/wp-content\/uploads\/2021\/05\/Charles-Schley-1960-Dominique-Baliko-300x231.png 300w, https:\/\/nbr-translation.com\/Blog\/wp-content\/uploads\/2021\/05\/Charles-Schley-1960-Dominique-Baliko-768x592.png 768w\" sizes=\"auto, (max-width: 600px) 100vw, 600px\" \/><figcaption id=\"caption-attachment-4424\" class=\"wp-caption-text\">Charles Schley 1960- Photo de Dominique Baliko<\/figcaption><\/figure>\n<p>Voici une bien belle exposition qui sortira peut-\u00eatre un peu des sentiers battus pour certains\u2026 \u00c0 ne pas manquer\u2009!<\/p>\n","protected":false},"excerpt":{"rendered":"<p>Le Mus\u00e9e d\u2019art et d\u2019histoire de l\u2019h\u00f4pital Sainte-Anne nous offre une exposition tr\u00e8s int\u00e9ressante avec des \u0153uvres ex\u00e9cut\u00e9es par ses patients depuis les ann\u00e9es\u00a01950. L\u2019exposition \u00ab\u2009De l\u2019art des fous \u00e0 l\u2019art psychopathologique\u2009\u00bb nous immerge dans<a class=\"excerpt-readmore\" href=\"https:\/\/nbr-translation.com\/Blog\/fr\/exposition-de-lart-des-fous-a-lart-psychopathologique\/\">&hellip;Continue Reading<\/a><\/p>\n","protected":false},"author":2,"featured_media":4426,"comment_status":"open","ping_status":"open","sticky":false,"template":"","format":"standard","meta":{"pgc_meta":"","footnotes":""},"categories":[670,668],"tags":[686,731,690,733,735,737],"class_list":["post-4417","post","type-post","status-publish","format-standard","has-post-thumbnail","hentry","category-art-fr","category-exposition","tag-art-fr","tag-art-therapie-fr","tag-exposition-fr","tag-hopital-fr","tag-lart-des-fous-fr","tag-sainte-anne-fr","odd"],"_links":{"self":[{"href":"https:\/\/nbr-translation.com\/Blog\/wp-json\/wp\/v2\/posts\/4417","targetHints":{"allow":["GET"]}}],"collection":[{"href":"https:\/\/nbr-translation.com\/Blog\/wp-json\/wp\/v2\/posts"}],"about":[{"href":"https:\/\/nbr-translation.com\/Blog\/wp-json\/wp\/v2\/types\/post"}],"author":[{"embeddable":true,"href":"https:\/\/nbr-translation.com\/Blog\/wp-json\/wp\/v2\/users\/2"}],"replies":[{"embeddable":true,"href":"https:\/\/nbr-translation.com\/Blog\/wp-json\/wp\/v2\/comments?post=4417"}],"version-history":[{"count":14,"href":"https:\/\/nbr-translation.com\/Blog\/wp-json\/wp\/v2\/posts\/4417\/revisions"}],"predecessor-version":[{"id":4578,"href":"https:\/\/nbr-translation.com\/Blog\/wp-json\/wp\/v2\/posts\/4417\/revisions\/4578"}],"wp:featuredmedia":[{"embeddable":true,"href":"https:\/\/nbr-translation.com\/Blog\/wp-json\/wp\/v2\/media\/4426"}],"wp:attachment":[{"href":"https:\/\/nbr-translation.com\/Blog\/wp-json\/wp\/v2\/media?parent=4417"}],"wp:term":[{"taxonomy":"category","embeddable":true,"href":"https:\/\/nbr-translation.com\/Blog\/wp-json\/wp\/v2\/categories?post=4417"},{"taxonomy":"post_tag","embeddable":true,"href":"https:\/\/nbr-translation.com\/Blog\/wp-json\/wp\/v2\/tags?post=4417"}],"curies":[{"name":"wp","href":"https:\/\/api.w.org\/{rel}","templated":true}]}}